{"id":355,"date":"2021-12-12T15:00:16","date_gmt":"2021-12-12T14:00:16","guid":{"rendered":"https:\/\/labeilleardennaise.fr\/?p=355"},"modified":"2021-12-12T15:00:17","modified_gmt":"2021-12-12T14:00:17","slug":"fiche-daide-a-lidentification-des-insectes","status":"publish","type":"post","link":"https:\/\/labeilleardennaise.fr\/index.php\/2021\/12\/12\/fiche-daide-a-lidentification-des-insectes\/","title":{"rendered":"Fiche d&rsquo;aide \u00e0 l&rsquo;identification des insectes"},"content":{"rendered":"\n<p><\/p>\n\n\n\n<div data-wp-interactive=\"core\/file\" class=\"wp-block-file\"><object data-wp-bind--hidden=\"!state.hasPdfPreview\" hidden class=\"wp-block-file__embed\" data=\"https:\/\/labeilleardennaise.fr\/wp-content\/uploads\/2021\/12\/WebPage.pdf\" type=\"application\/pdf\" style=\"width:100%;height:600px\" aria-label=\"Contenu embarqu\u00e9 Contenu embarqu\u00e9 WebPage..\"><\/object><a href=\"https:\/\/labeilleardennaise.fr\/wp-content\/uploads\/2021\/12\/WebPage.pdf\">WebPage<\/a><a href=\"https:\/\/labeilleardennaise.fr\/wp-content\/uploads\/2021\/12\/WebPage.pdf\" class=\"wp-block-file__button\" download>T\u00e9l\u00e9charger<\/a><\/div>\n","protected":false},"excerpt":{"rendered":"","protected":false},"author":1,"featured_media":0,"comment_status":"closed","ping_status":"open","sticky":false,"template":"","format":"standard","meta":{"footnotes":""},"categories":[1],"tags":[],"class_list":["post-355","post","type-post","status-publish","format-standard","hentry","category-uncategorized"],"yoast_head":"<!-- This site is optimized with the Yoast SEO plugin v26.8 - https:\/\/yoast.com\/product\/yoast-seo-wordpress\/ -->\n<title>Fiche d&#039;aide \u00e0 l&#039;identification des insectes - L&#039;Abeille Ardennaise<\/title>\n<meta name=\"robots\" content=\"index, follow, max-snippet:-1, max-image-preview:large, max-video-preview:-1\" \/>\n<link rel=\"canonical\" href=\"https:\/\/labeilleardennaise.fr\/index.php\/2021\/12\/12\/fiche-daide-a-lidentification-des-insectes\/\" \/>\n<meta property=\"og:locale\" content=\"fr_FR\" \/>\n<meta property=\"og:type\" content=\"article\" \/>\n<meta property=\"og:title\" content=\"Fiche d&#039;aide \u00e0 l&#039;identification des insectes - L&#039;Abeille Ardennaise\" \/>\n<meta property=\"og:url\" content=\"https:\/\/labeilleardennaise.fr\/index.php\/2021\/12\/12\/fiche-daide-a-lidentification-des-insectes\/\" \/>\n<meta property=\"og:site_name\" content=\"L&#039;Abeille Ardennaise\" \/>\n<meta property=\"article:published_time\" content=\"2021-12-12T14:00:16+00:00\" \/>\n<meta property=\"article:modified_time\" content=\"2021-12-12T14:00:17+00:00\" \/>\n<meta name=\"author\" content=\"@admin\" \/>\n<meta name=\"twitter:card\" content=\"summary_large_image\" \/>\n<meta name=\"twitter:label1\" content=\"\u00c9crit par\" \/>\n\t<meta name=\"twitter:data1\" content=\"@admin\" \/>\n\t<meta name=\"twitter:label2\" content=\"Dur\u00e9e de lecture estim\u00e9e\" \/>\n\t<meta name=\"twitter:data2\" content=\"1 minute\" \/>\n<script type=\"application\/ld+json\" class=\"yoast-schema-graph\">{\"@context\":\"https:\/\/schema.org\",\"@graph\":[{\"@type\":\"Article\",\"@id\":\"https:\/\/labeilleardennaise.fr\/index.php\/2021\/12\/12\/fiche-daide-a-lidentification-des-insectes\/#article\",\"isPartOf\":{\"@id\":\"https:\/\/labeilleardennaise.fr\/index.php\/2021\/12\/12\/fiche-daide-a-lidentification-des-insectes\/\"},\"author\":{\"name\":\"@admin\",\"@id\":\"https:\/\/labeilleardennaise.fr\/#\/schema\/person\/4ad6f5bb1d7dacb3d46cc1791030263b\"},\"headline\":\"Fiche d&rsquo;aide \u00e0 l&rsquo;identification des insectes\",\"datePublished\":\"2021-12-12T14:00:16+00:00\",\"dateModified\":\"2021-12-12T14:00:17+00:00\",\"mainEntityOfPage\":{\"@id\":\"https:\/\/labeilleardennaise.fr\/index.php\/2021\/12\/12\/fiche-daide-a-lidentification-des-insectes\/\"},\"wordCount\":9,\"publisher\":{\"@id\":\"https:\/\/labeilleardennaise.fr\/#organization\"},\"articleSection\":[\"_\"],\"inLanguage\":\"fr-FR\"},{\"@type\":\"WebPage\",\"@id\":\"https:\/\/labeilleardennaise.fr\/index.php\/2021\/12\/12\/fiche-daide-a-lidentification-des-insectes\/\",\"url\":\"https:\/\/labeilleardennaise.fr\/index.php\/2021\/12\/12\/fiche-daide-a-lidentification-des-insectes\/\",\"name\":\"Fiche d'aide \u00e0 l'identification des insectes - L&#039;Abeille Ardennaise\",\"isPartOf\":{\"@id\":\"https:\/\/labeilleardennaise.fr\/#website\"},\"datePublished\":\"2021-12-12T14:00:16+00:00\",\"dateModified\":\"2021-12-12T14:00:17+00:00\",\"breadcrumb\":{\"@id\":\"https:\/\/labeilleardennaise.fr\/index.php\/2021\/12\/12\/fiche-daide-a-lidentification-des-insectes\/#breadcrumb\"},\"inLanguage\":\"fr-FR\",\"potentialAction\":[{\"@type\":\"ReadAction\",\"target\":[\"https:\/\/labeilleardennaise.fr\/index.php\/2021\/12\/12\/fiche-daide-a-lidentification-des-insectes\/\"]}]},{\"@type\":\"BreadcrumbList\",\"@id\":\"https:\/\/labeilleardennaise.fr\/index.php\/2021\/12\/12\/fiche-daide-a-lidentification-des-insectes\/#breadcrumb\",\"itemListElement\":[{\"@type\":\"ListItem\",\"position\":1,\"name\":\"Accueil\",\"item\":\"https:\/\/labeilleardennaise.fr\/\"},{\"@type\":\"ListItem\",\"position\":2,\"name\":\"Fiche d&rsquo;aide \u00e0 l&rsquo;identification des insectes\"}]},{\"@type\":\"WebSite\",\"@id\":\"https:\/\/labeilleardennaise.fr\/#website\",\"url\":\"https:\/\/labeilleardennaise.fr\/\",\"name\":\"L'Abeille Ardennaise\",\"description\":\"Syndicat d\u00e9partemental d&#039;apiculture des Ardennes\",\"publisher\":{\"@id\":\"https:\/\/labeilleardennaise.fr\/#organization\"},\"potentialAction\":[{\"@type\":\"SearchAction\",\"target\":{\"@type\":\"EntryPoint\",\"urlTemplate\":\"https:\/\/labeilleardennaise.fr\/?s={search_term_string}\"},\"query-input\":{\"@type\":\"PropertyValueSpecification\",\"valueRequired\":true,\"valueName\":\"search_term_string\"}}],\"inLanguage\":\"fr-FR\"},{\"@type\":\"Organization\",\"@id\":\"https:\/\/labeilleardennaise.fr\/#organization\",\"name\":\"L'Abeille Ardennaise\",\"url\":\"https:\/\/labeilleardennaise.fr\/\",\"logo\":{\"@type\":\"ImageObject\",\"inLanguage\":\"fr-FR\",\"@id\":\"https:\/\/labeilleardennaise.fr\/#\/schema\/logo\/image\/\",\"url\":\"https:\/\/labeilleardennaise.fr\/wp-content\/uploads\/2021\/09\/aa2.png\",\"contentUrl\":\"https:\/\/labeilleardennaise.fr\/wp-content\/uploads\/2021\/09\/aa2.png\",\"width\":200,\"height\":200,\"caption\":\"L'Abeille Ardennaise\"},\"image\":{\"@id\":\"https:\/\/labeilleardennaise.fr\/#\/schema\/logo\/image\/\"}},{\"@type\":\"Person\",\"@id\":\"https:\/\/labeilleardennaise.fr\/#\/schema\/person\/4ad6f5bb1d7dacb3d46cc1791030263b\",\"name\":\"@admin\",\"image\":{\"@type\":\"ImageObject\",\"inLanguage\":\"fr-FR\",\"@id\":\"https:\/\/labeilleardennaise.fr\/#\/schema\/person\/image\/\",\"url\":\"https:\/\/secure.gravatar.com\/avatar\/b33963a6968d75f2348d47553c2dee681daf94fa924e3c6e2aed5313ed2c5bd2?s=96&d=mm&r=g\",\"contentUrl\":\"https:\/\/secure.gravatar.com\/avatar\/b33963a6968d75f2348d47553c2dee681daf94fa924e3c6e2aed5313ed2c5bd2?s=96&d=mm&r=g\",\"caption\":\"@admin\"},\"sameAs\":[\"https:\/\/labeilleardennaise.fr\"]}]}<\/script>\n<!-- \/ Yoast SEO plugin. -->","yoast_head_json":{"title":"Fiche d'aide \u00e0 l'identification des insectes - L&#039;Abeille Ardennaise","robots":{"index":"index","follow":"follow","max-snippet":"max-snippet:-1","max-image-preview":"max-image-preview:large","max-video-preview":"max-video-preview:-1"},"canonical":"https:\/\/labeilleardennaise.fr\/index.php\/2021\/12\/12\/fiche-daide-a-lidentification-des-insectes\/","og_locale":"fr_FR","og_type":"article","og_title":"Fiche d'aide \u00e0 l'identification des insectes - L&#039;Abeille Ardennaise","og_url":"https:\/\/labeilleardennaise.fr\/index.php\/2021\/12\/12\/fiche-daide-a-lidentification-des-insectes\/","og_site_name":"L&#039;Abeille Ardennaise","article_published_time":"2021-12-12T14:00:16+00:00","article_modified_time":"2021-12-12T14:00:17+00:00","author":"@admin","twitter_card":"summary_large_image","twitter_misc":{"\u00c9crit par":"@admin","Dur\u00e9e de lecture estim\u00e9e":"1 minute"},"schema":{"@context":"https:\/\/schema.org","@graph":[{"@type":"Article","@id":"https:\/\/labeilleardennaise.fr\/index.php\/2021\/12\/12\/fiche-daide-a-lidentification-des-insectes\/#article","isPartOf":{"@id":"https:\/\/labeilleardennaise.fr\/index.php\/2021\/12\/12\/fiche-daide-a-lidentification-des-insectes\/"},"author":{"name":"@admin","@id":"https:\/\/labeilleardennaise.fr\/#\/schema\/person\/4ad6f5bb1d7dacb3d46cc1791030263b"},"headline":"Fiche d&rsquo;aide \u00e0 l&rsquo;identification des insectes","datePublished":"2021-12-12T14:00:16+00:00","dateModified":"2021-12-12T14:00:17+00:00","mainEntityOfPage":{"@id":"https:\/\/labeilleardennaise.fr\/index.php\/2021\/12\/12\/fiche-daide-a-lidentification-des-insectes\/"},"wordCount":9,"publisher":{"@id":"https:\/\/labeilleardennaise.fr\/#organization"},"articleSection":["_"],"inLanguage":"fr-FR"},{"@type":"WebPage","@id":"https:\/\/labeilleardennaise.fr\/index.php\/2021\/12\/12\/fiche-daide-a-lidentification-des-insectes\/","url":"https:\/\/labeilleardennaise.fr\/index.php\/2021\/12\/12\/fiche-daide-a-lidentification-des-insectes\/","name":"Fiche d'aide \u00e0 l'identification des insectes - L&#039;Abeille Ardennaise","isPartOf":{"@id":"https:\/\/labeilleardennaise.fr\/#website"},"datePublished":"2021-12-12T14:00:16+00:00","dateModified":"2021-12-12T14:00:17+00:00","breadcrumb":{"@id":"https:\/\/labeilleardennaise.fr\/index.php\/2021\/12\/12\/fiche-daide-a-lidentification-des-insectes\/#breadcrumb"},"inLanguage":"fr-FR","potentialAction":[{"@type":"ReadAction","target":["https:\/\/labeilleardennaise.fr\/index.php\/2021\/12\/12\/fiche-daide-a-lidentification-des-insectes\/"]}]},{"@type":"BreadcrumbList","@id":"https:\/\/labeilleardennaise.fr\/index.php\/2021\/12\/12\/fiche-daide-a-lidentification-des-insectes\/#breadcrumb","itemListElement":[{"@type":"ListItem","position":1,"name":"Accueil","item":"https:\/\/labeilleardennaise.fr\/"},{"@type":"ListItem","position":2,"name":"Fiche d&rsquo;aide \u00e0 l&rsquo;identification des insectes"}]},{"@type":"WebSite","@id":"https:\/\/labeilleardennaise.fr\/#website","url":"https:\/\/labeilleardennaise.fr\/","name":"L'Abeille Ardennaise","description":"Syndicat d\u00e9partemental d&#039;apiculture des Ardennes","publisher":{"@id":"https:\/\/labeilleardennaise.fr\/#organization"},"potentialAction":[{"@type":"SearchAction","target":{"@type":"EntryPoint","urlTemplate":"https:\/\/labeilleardennaise.fr\/?s={search_term_string}"},"query-input":{"@type":"PropertyValueSpecification","valueRequired":true,"valueName":"search_term_string"}}],"inLanguage":"fr-FR"},{"@type":"Organization","@id":"https:\/\/labeilleardennaise.fr\/#organization","name":"L'Abeille Ardennaise","url":"https:\/\/labeilleardennaise.fr\/","logo":{"@type":"ImageObject","inLanguage":"fr-FR","@id":"https:\/\/labeilleardennaise.fr\/#\/schema\/logo\/image\/","url":"https:\/\/labeilleardennaise.fr\/wp-content\/uploads\/2021\/09\/aa2.png","contentUrl":"https:\/\/labeilleardennaise.fr\/wp-content\/uploads\/2021\/09\/aa2.png","width":200,"height":200,"caption":"L'Abeille Ardennaise"},"image":{"@id":"https:\/\/labeilleardennaise.fr\/#\/schema\/logo\/image\/"}},{"@type":"Person","@id":"https:\/\/labeilleardennaise.fr\/#\/schema\/person\/4ad6f5bb1d7dacb3d46cc1791030263b","name":"@admin","image":{"@type":"ImageObject","inLanguage":"fr-FR","@id":"https:\/\/labeilleardennaise.fr\/#\/schema\/person\/image\/","url":"https:\/\/secure.gravatar.com\/avatar\/b33963a6968d75f2348d47553c2dee681daf94fa924e3c6e2aed5313ed2c5bd2?s=96&d=mm&r=g","contentUrl":"https:\/\/secure.gravatar.com\/avatar\/b33963a6968d75f2348d47553c2dee681daf94fa924e3c6e2aed5313ed2c5bd2?s=96&d=mm&r=g","caption":"@admin"},"sameAs":["https:\/\/labeilleardennaise.fr"]}]}},"_links":{"self":[{"href":"https:\/\/labeilleardennaise.fr\/index.php\/wp-json\/wp\/v2\/posts\/355","targetHints":{"allow":["GET"]}}],"collection":[{"href":"https:\/\/labeilleardennaise.fr\/index.php\/wp-json\/wp\/v2\/posts"}],"about":[{"href":"https:\/\/labeilleardennaise.fr\/index.php\/wp-json\/wp\/v2\/types\/post"}],"author":[{"embeddable":true,"href":"https:\/\/labeilleardennaise.fr\/index.php\/wp-json\/wp\/v2\/users\/1"}],"replies":[{"embeddable":true,"href":"https:\/\/labeilleardennaise.fr\/index.php\/wp-json\/wp\/v2\/comments?post=355"}],"version-history":[{"count":1,"href":"https:\/\/labeilleardennaise.fr\/index.php\/wp-json\/wp\/v2\/posts\/355\/revisions"}],"predecessor-version":[{"id":357,"href":"https:\/\/labeilleardennaise.fr\/index.php\/wp-json\/wp\/v2\/posts\/355\/revisions\/357"}],"wp:attachment":[{"href":"https:\/\/labeilleardennaise.fr\/index.php\/wp-json\/wp\/v2\/media?parent=355"}],"wp:term":[{"taxonomy":"category","embeddable":true,"href":"https:\/\/labeilleardennaise.fr\/index.php\/wp-json\/wp\/v2\/categories?post=355"},{"taxonomy":"post_tag","embeddable":true,"href":"https:\/\/labeilleardennaise.fr\/index.php\/wp-json\/wp\/v2\/tags?post=355"}],"curies":[{"name":"wp","href":"https:\/\/api.w.org\/{rel}","templated":true}]}}